{"@context":"https:\/\/schema.org\/","@type":"CollectionPage","@id":"https:\/\/www.aluglas.cz\/web\/#CollectionPage","headline":"Web Category","description":"","url":"https:\/\/www.aluglas.cz\/web\/","hasPart":[{"@type":"Article","@id":"https:\/\/www.aluglas.cz\/jak-na-webovky\/","headline":"Jak na webovky","url":"https:\/\/www.aluglas.cz\/jak-na-webovky\/","datePublished":"2022-01-15","dateModified":"2023-06-12","mainEntityOfPage":"https:\/\/www.aluglas.cz\/jak-na-webovky\/","author":{"@type":"Person","@id":"https:\/\/www.aluglas.cz\/author\/#Person","name":"","url":"https:\/\/www.aluglas.cz\/author\/","identifier":1,"image":{"@type":"ImageObject","@id":"https:\/\/secure.gravatar.com\/avatar\/f7b3e8bb7f7cc0c6ca940e74a10b952be4c7d81de8a980387c865f88889f02e3?s=96&d=mm&r=g","url":"https:\/\/secure.gravatar.com\/avatar\/f7b3e8bb7f7cc0c6ca940e74a10b952be4c7d81de8a980387c865f88889f02e3?s=96&d=mm&r=g","height":96,"width":96}},"publisher":{"@type":"Organization","name":"aluglas.cz","logo":{"@type":"ImageObject","@id":"\/logo.png","url":"\/logo.png","width":600,"height":60}},"image":{"@type":"ImageObject","@id":"https:\/\/www.aluglas.cz\/wp-content\/uploads\/pexels-photo-3405456_1.jpeg","url":"https:\/\/www.aluglas.cz\/wp-content\/uploads\/pexels-photo-3405456_1.jpeg","height":0,"width":0},"keywords":null},{"@type":"Article","@id":"https:\/\/www.aluglas.cz\/ne-vzdy-ma-clovek-penize\/","headline":"Ne v\u017edy m\u00e1 \u010dlov\u011bk pen\u00edze","url":"https:\/\/www.aluglas.cz\/ne-vzdy-ma-clovek-penize\/","datePublished":"2021-07-18","dateModified":"2023-06-12","mainEntityOfPage":"https:\/\/www.aluglas.cz\/ne-vzdy-ma-clovek-penize\/","author":{"@type":"Person","@id":"https:\/\/www.aluglas.cz\/author\/#Person","name":"","url":"https:\/\/www.aluglas.cz\/author\/","identifier":1,"image":{"@type":"ImageObject","@id":"https:\/\/secure.gravatar.com\/avatar\/f7b3e8bb7f7cc0c6ca940e74a10b952be4c7d81de8a980387c865f88889f02e3?s=96&d=mm&r=g","url":"https:\/\/secure.gravatar.com\/avatar\/f7b3e8bb7f7cc0c6ca940e74a10b952be4c7d81de8a980387c865f88889f02e3?s=96&d=mm&r=g","height":96,"width":96}},"publisher":{"@type":"Organization","name":"aluglas.cz","logo":{"@type":"ImageObject","@id":"\/logo.png","url":"\/logo.png","width":600,"height":60}},"image":{"@type":"ImageObject","@id":"https:\/\/www.aluglas.cz\/wp-content\/uploads\/britsk%C3%A1%20mince_1.jpg","url":"https:\/\/www.aluglas.cz\/wp-content\/uploads\/britsk%C3%A1%20mince_1.jpg","height":0,"width":0},"keywords":null},{"@type":"Article","@id":"https:\/\/www.aluglas.cz\/vyzdimejte-ze-socialnich-siti-maximum-pro-podnikani\/","headline":"Vy\u017ed\u00edmejte ze soci\u00e1ln\u00edch s\u00edt\u00ed maximum pro podnik\u00e1n\u00ed","url":"https:\/\/www.aluglas.cz\/vyzdimejte-ze-socialnich-siti-maximum-pro-podnikani\/","datePublished":"2019-10-10","dateModified":"2023-06-12","mainEntityOfPage":"https:\/\/www.aluglas.cz\/vyzdimejte-ze-socialnich-siti-maximum-pro-podnikani\/","author":{"@type":"Person","@id":"https:\/\/www.aluglas.cz\/author\/#Person","name":"","url":"https:\/\/www.aluglas.cz\/author\/","identifier":1,"image":{"@type":"ImageObject","@id":"https:\/\/secure.gravatar.com\/avatar\/f7b3e8bb7f7cc0c6ca940e74a10b952be4c7d81de8a980387c865f88889f02e3?s=96&d=mm&r=g","url":"https:\/\/secure.gravatar.com\/avatar\/f7b3e8bb7f7cc0c6ca940e74a10b952be4c7d81de8a980387c865f88889f02e3?s=96&d=mm&r=g","height":96,"width":96}},"publisher":{"@type":"Organization","name":"aluglas.cz","logo":{"@type":"ImageObject","@id":"\/logo.png","url":"\/logo.png","width":600,"height":60}},"image":{"@type":"ImageObject","@id":"https:\/\/www.aluglas.cz\/wp-content\/uploads\/img_a357717_w3846_t1572164790.jpg","url":"https:\/\/www.aluglas.cz\/wp-content\/uploads\/img_a357717_w3846_t1572164790.jpg","height":0,"width":0},"keywords":null},{"@type":"Article","@id":"https:\/\/www.aluglas.cz\/vyvoj-webu-k-responzivnimu-formatu\/","headline":"V\u00fdvoj web\u016f k responzivn\u00edmu form\u00e1tu","url":"https:\/\/www.aluglas.cz\/vyvoj-webu-k-responzivnimu-formatu\/","datePublished":"2018-02-28","dateModified":"2023-06-12","mainEntityOfPage":"https:\/\/www.aluglas.cz\/vyvoj-webu-k-responzivnimu-formatu\/","author":{"@type":"Person","@id":"https:\/\/www.aluglas.cz\/author\/#Person","name":"","url":"https:\/\/www.aluglas.cz\/author\/","identifier":1,"image":{"@type":"ImageObject","@id":"https:\/\/secure.gravatar.com\/avatar\/f7b3e8bb7f7cc0c6ca940e74a10b952be4c7d81de8a980387c865f88889f02e3?s=96&d=mm&r=g","url":"https:\/\/secure.gravatar.com\/avatar\/f7b3e8bb7f7cc0c6ca940e74a10b952be4c7d81de8a980387c865f88889f02e3?s=96&d=mm&r=g","height":96,"width":96}},"publisher":{"@type":"Organization","name":"aluglas.cz","logo":{"@type":"ImageObject","@id":"\/logo.png","url":"\/logo.png","width":600,"height":60}},"image":{"@type":"ImageObject","@id":"https:\/\/www.aluglas.cz\/wp-content\/uploads\/img_a314182_w2415_t1524983517.jpg","url":"https:\/\/www.aluglas.cz\/wp-content\/uploads\/img_a314182_w2415_t1524983517.jpg","height":0,"width":0},"keywords":null}]}