[{"@context":"https:\/\/schema.org\/","@type":"Article","@id":"https:\/\/www.aluglas.cz\/pronajimame-ruzne-modely\/#Article","mainEntityOfPage":"https:\/\/www.aluglas.cz\/pronajimame-ruzne-modely\/","headline":"Pronaj\u00edm\u00e1me r\u016fzn\u00e9 modely","name":"Pronaj\u00edm\u00e1me r\u016fzn\u00e9 modely","description":"M\u00e1te z\u00e1jem vyu\u010dit slu\u017eeb na\u0161\u00ed autop\u016fj\u010dovny? Jsme si jist\u00ed, \u017ee si z na\u0161\u00ed \u0161irok\u00e9 nab\u00eddky dok\u00e1\u017ee vybrat ka\u017ed\u00fd. Rozs\u00e1hl\u00e9 slu\u017eby, kter\u00e9 jsme si pro V\u00e1s p\u0159ipravily, naleznete na na\u0161ich webov\u00fdch str\u00e1nk\u00e1ch Auto [&hellip;]","datePublished":"2024-11-22","dateModified":"2024-11-22","author":{"@type":"Person","@id":"https:\/\/www.aluglas.cz\/author\/#Person","name":"","url":"https:\/\/www.aluglas.cz\/author\/","identifier":1,"image":{"@type":"ImageObject","@id":"https:\/\/secure.gravatar.com\/avatar\/f7b3e8bb7f7cc0c6ca940e74a10b952be4c7d81de8a980387c865f88889f02e3?s=96&d=mm&r=g","url":"https:\/\/secure.gravatar.com\/avatar\/f7b3e8bb7f7cc0c6ca940e74a10b952be4c7d81de8a980387c865f88889f02e3?s=96&d=mm&r=g","height":96,"width":96}},"publisher":{"@type":"Organization","name":"aluglas.cz","logo":{"@type":"ImageObject","@id":"\/logo.png","url":"\/logo.png","width":600,"height":60}},"url":"https:\/\/www.aluglas.cz\/pronajimame-ruzne-modely\/","wordCount":155,"articleBody":"M\u00e1te z\u00e1jem vyu\u010dit slu\u017eeb na\u0161\u00ed autop\u016fj\u010dovny? Jsme si jist\u00ed, \u017ee si z na\u0161\u00ed \u0161irok\u00e9 nab\u00eddky dok\u00e1\u017ee vybrat ka\u017ed\u00fd. Rozs\u00e1hl\u00e9 slu\u017eby, kter\u00e9 jsme si pro V\u00e1s p\u0159ipravily, naleznete na na\u0161ich webov\u00fdch str\u00e1nk\u00e1ch Auto od strejdy. Naleznete zde r\u016fzn\u00e9 dopravn\u00ed prost\u0159edky, nejedn\u00e1 se pouze o osobn\u00ed vozy. Pronajm\u011bte si tak\u00e9 motorku, dod\u00e1vku nebo n\u00e1kla\u010f\u00e1k. Na sv\u00e9 dovolen\u00e9 jist\u011b vyu\u017eijete karavany nebo luxusn\u00ed obytn\u00e9 vozy.Neuv\u011b\u0159iteln\u011b n\u00edzk\u00e9 cenyJsme autop\u016fj\u010dovna, kter\u00e9 poskytuje sv\u00fdm z\u00e1kazn\u00edk\u016fm v\u0161echny vozidla, kter\u00e1 jsou zp\u016fsobil\u00e1 do provozu. U n\u00e1s naleznete luxusn\u00ed zna\u010dkov\u00e9 modely i takov\u00e9, kter\u00e9 byly vyrobeny p\u0159ed rokem 2000. Pokud hled\u00e1te vozidlo na dlouhodob\u00fd pron\u00e1jem za n\u00edzkou cenu, nav\u0161tivte n\u00e1s. V\u00fddaje 250K\u010d na den nejsou nijak z\u00e1vratn\u00e9.                                                                                                                                                                                                                                                                                                                                                                                        4.7\/5 - (3 votes)        "},{"@context":"https:\/\/schema.org\/","@type":"BreadcrumbList","itemListElement":[{"@type":"ListItem","position":1,"name":"Pronaj\u00edm\u00e1me r\u016fzn\u00e9 modely","item":"https:\/\/www.aluglas.cz\/pronajimame-ruzne-modely\/#breadcrumbitem"}]}]