[{"@context":"https:\/\/schema.org\/","@type":"Article","@id":"https:\/\/www.aluglas.cz\/co-ma-delat-moudry-clovek\/#Article","mainEntityOfPage":"https:\/\/www.aluglas.cz\/co-ma-delat-moudry-clovek\/","headline":"Co m\u00e1 d\u011blat moudr\u00fd \u010dlov\u011bk?","name":"Co m\u00e1 d\u011blat moudr\u00fd \u010dlov\u011bk?","description":"V\u00a0posledn\u00edch volb\u00e1ch jsem se jako u\u017e tolikr\u00e1t p\u0159edt\u00edm nem\u011bl pro koho rozhodnout. Proto\u017ee pro m\u011b hr\u00e1la rozhoduj\u00edc\u00ed roli v\u017edy ekonomika a aspo\u0148 trocha t\u00e9 cti. A tak jsem nakonec volil jako u\u017e [&hellip;]","datePublished":"2024-08-27","dateModified":"2024-08-27","author":{"@type":"Person","@id":"https:\/\/www.aluglas.cz\/author\/#Person","name":"","url":"https:\/\/www.aluglas.cz\/author\/","identifier":1,"image":{"@type":"ImageObject","@id":"https:\/\/secure.gravatar.com\/avatar\/f7b3e8bb7f7cc0c6ca940e74a10b952be4c7d81de8a980387c865f88889f02e3?s=96&d=mm&r=g","url":"https:\/\/secure.gravatar.com\/avatar\/f7b3e8bb7f7cc0c6ca940e74a10b952be4c7d81de8a980387c865f88889f02e3?s=96&d=mm&r=g","height":96,"width":96}},"publisher":{"@type":"Organization","name":"aluglas.cz","logo":{"@type":"ImageObject","@id":"\/logo.png","url":"\/logo.png","width":600,"height":60}},"image":{"@type":"ImageObject","@id":"https:\/\/www.aluglas.cz\/wp-content\/uploads\/poo_1.png","url":"https:\/\/www.aluglas.cz\/wp-content\/uploads\/poo_1.png","height":0,"width":0},"url":"https:\/\/www.aluglas.cz\/co-ma-delat-moudry-clovek\/","about":["Politika"],"wordCount":446,"articleBody":"V\u00a0posledn\u00edch volb\u00e1ch jsem se jako u\u017e tolikr\u00e1t p\u0159edt\u00edm nem\u011bl pro koho rozhodnout. Proto\u017ee pro m\u011b hr\u00e1la rozhoduj\u00edc\u00ed roli v\u017edy ekonomika a aspo\u0148 trocha t\u00e9 cti. A tak jsem nakonec volil jako u\u017e hodn\u011bkr\u00e1t ne n\u011bkoho, ale proti n\u011bkomu. Sice u\u017e d\u00e1vno nejsem tak naivn\u00ed, abych v\u011b\u0159il v\u0161emu, co se v\u00a0p\u0159edvolebn\u00ed kampani n\u011bkde \u0159ekne nebo nap\u00ed\u0161e, ale doufal jsem, \u017ee bude aspo\u0148 o trochu l\u00edp. Jen\u017ee je l\u00edp? Ukazuje se, \u017ee op\u011bt ne. \u017de jsem sv\u016fj volebn\u00ed l\u00edstek op\u011bt vhodil do urny, je\u017e se zase prom\u011bnila v\u00a0popelnici.V\u011b\u0159il jsem, \u017ee v\u00a0p\u0159\u00edpad\u011b v\u00edt\u011bzstv\u00ed mnou zvolen\u00fdch sil bude aspo\u0148 o trochu l\u00e9pe. Tedy h\u016f\u0159e, aby bylo l\u00e9pe. Ale zat\u00edmco se o n\u011bco h\u016f\u0159e stalo, pozitivn\u00ed efekt to nep\u0159ineslo. Cht\u011bl jsem tehdy, aby nov\u00e1 politick\u00e1 reprezentace zastavila p\u0159edchoz\u00edch osm let neskute\u010dn\u011b \u0161\u00edlen\u011b rozd\u00e1va\u010dn\u00e9 politiky a skryt\u00e9ho kupov\u00e1n\u00ed si hlas\u016f hloup\u00fdch lid\u00ed. Ale nestalo se. A ti, kdo slibovali, \u017ee budou dobr\u00fdmi hospod\u00e1\u0159i, a dodnes tlachaj\u00ed o tom, jak dobrou ekonomickou politiku vedou, n\u00e1s jenom zadlu\u017eili dal\u0161\u00edmi stovkami miliard korun. Akor\u00e1t se ned\u00e1vno nechali sly\u0161et, \u017ee vlastn\u011b m\u011bli \u0159\u00edci d\u0159\u00edve, \u017ee se jejich sliby splnit nepoda\u0159\u00ed, proto\u017ee nikdo nemohl v\u011bd\u011bt, \u017ee po volb\u00e1ch vypukne v\u00e1lka a bude se t\u0159eba starat o ukrajinsk\u00e9 ute\u010dence. Co\u017e by zn\u011blo pochopiteln\u011b, kdyby tit\u00ed\u017e politici netvrdili, \u017ee n\u00e1s zm\u00edn\u011bn\u00ed imigranti nezat\u011b\u017euj\u00ed, \u017ee jich tu spousta pracuje a do syst\u00e9mu odv\u00e1d\u011bj\u00ed v\u00edc, ne\u017e z\u00a0n\u011bj dost\u00e1vaj\u00ed. Tak\u017ee Ukrajinci za deficitem rozpo\u010dtu z\u0159ejm\u011b nejsou. Jsou za n\u00edm zase politici. Kte\u0159\u00ed m\u011b zklamali stejn\u011b jako ti, p\u0159ed nimi\u017e m\u011b m\u011bli ochra\u0148ovat.Podle aktu\u00e1ln\u00edch pr\u016fzkum\u016f tak vedou v\u00a0politick\u00e9 popularit\u011b ti, je\u017e jsem cht\u011bl v\u00a0posledn\u00edch volb\u00e1ch porazit. A je\u017e jsem porazil. Dokonce pr\u00fd hroz\u00ed, \u017ee tito sestav\u00ed vl\u00e1du sami, Mo\u017en\u00e1 s\u00a0podporou levi\u010d\u00e1k\u016f, jim\u017e op\u011bt nar\u016fstaj\u00ed k\u0159\u00eddla. A kdy\u017e si je \u010desk\u00fd n\u00e1rod zvol\u00ed, zase za\u010dne nesmysln\u00e9 rozhazov\u00e1n\u00ed pen\u011bz, je\u017e st\u00e1t nem\u00e1.Je demokracie, tak\u017ee bych m\u011bl podpo\u0159it ty, kdo mi imponuj\u00ed. V\u00a0m\u00e9m p\u0159\u00edpad\u011b ty ekonomicky rozumn\u011b uva\u017euj\u00edc\u00ed politiky. Ale kdy\u017e j\u00e1 u\u017e dnes nezn\u00e1m v\u00e1\u017en\u011b ani jednoho jedin\u00e9ho takov\u00e9ho!                                                                                                                                                                                                                                                                                                                                                                                        4.2\/5 - (5 votes)        "},{"@context":"https:\/\/schema.org\/","@type":"BreadcrumbList","itemListElement":[{"@type":"ListItem","position":1,"name":"Co m\u00e1 d\u011blat moudr\u00fd \u010dlov\u011bk?","item":"https:\/\/www.aluglas.cz\/co-ma-delat-moudry-clovek\/#breadcrumbitem"}]}]